{"id":1338,"count":3,"description":"<h3>Une veste l\u00e9g\u00e8re pour homme est facile \u00e0 plier et \u00e0 emporter partout avec vous<\/h3>\r\nChoisissez-vous une veste l\u00e9g\u00e8re pour homme ? Ensuite, vous \u00eates assur\u00e9 d&#039;un mod\u00e8le que vous pouvez emporter sans effort avec vous partout o\u00f9 vous allez. Les grands manteaux d&#039;hiver sont lourds et semblent volumineux plus rapidement, mais souvent leurs homologues l\u00e9gers peuvent \u00eatre facilement et rapidement froiss\u00e9s lorsqu&#039;ils ne sont pas utilis\u00e9s. Cela en fait un choix populaire pour les amateurs de plein air et les voyageurs chevronn\u00e9s. O\u00f9 commandez-vous ces vestes ? Bien s\u00fbr dans la boutique en ligne Versano.\r\n<h3>Les vestes l\u00e9g\u00e8res pour hommes sont dot\u00e9es d&#039;une isolation fine<\/h3>\r\nSouhaitez-vous rester au chaud avec une isolation en duvet ? Ensuite, vous n&#039;avez pas toujours \u00e0 vous promener comme un bonhomme Michelin \u00e0 part enti\u00e8re. Avec l&#039;une des vestes l\u00e9g\u00e8res pour hommes de Versano, vous b\u00e9n\u00e9ficiez de tous les avantages pratiques sans avoir \u00e0 faire de compromis sur une silhouette mince. La coupe ajust\u00e9e en fait \u00e9galement un outil utile pour la superposition. Utilisez l&#039;une des vestes de la collection comme v\u00eatement d&#039;ext\u00e9rieur. Une autre barri\u00e8re contre le froid sous votre parka les jours tr\u00e8s froids ou m\u00eame portez-la sous une veste lors d&#039;une balade matinale glaciale. Dans l&#039;ensemble, il existe de nombreuses options pour porter avec style une veste l\u00e9g\u00e8re pour hommes.\r\n<h3>Quel type de veste l\u00e9g\u00e8re pour homme recherchez-vous?<\/h3>\r\nEn ce qui concerne les vestes l\u00e9g\u00e8res pour hommes, vous avez un large choix en mati\u00e8re de couleur, de coupe et de design. Cela signifie qu&#039;un mod\u00e8le appropri\u00e9 peut \u00e9galement \u00eatre command\u00e9 pour votre go\u00fbt personnel. Si la polyvalence est importante pour vous et que vous recherchez quelque chose qui peut \u00eatre port\u00e9 pendant plusieurs saisons plut\u00f4t qu&#039;en hiver, cette veste est la mieux adapt\u00e9e. Curieux de conna\u00eetre les possibilit\u00e9s disponibles? Consultez la collection compl\u00e8te dans la boutique en ligne Versano et passez votre commande rapidement et facilement.","link":"https:\/\/versano.nl\/fr\/c\/lightweight-jas-heren\/","name":"Veste l\u00e9g\u00e8re homme","slug":"lightweight-jas-heren","taxonomy":"product_cat","parent":0,"meta":[],"menu_order":0,"yoast_head":"<!-- This site is optimized with the Yoast SEO plugin v27.2 - https:\/\/yoast.com\/product\/yoast-seo-wordpress\/ -->\n<title>Lightweight jas heren, Lightweight jassen heren, Heren lightweight jas<\/title>\n<meta name=\"description\" content=\"Zoekt u kwalitatieve lightweight jas heren? Bij ons zit u goed voor lightweight jassen heren, heren lightweight jas en heren lightweight jassen.\" \/>\n<meta name=\"robots\" content=\"index, follow, max-snippet:-1, max-image-preview:large, max-video-preview:-1\" \/>\n<link rel=\"canonical\" href=\"https:\/\/versano.nl\/fr\/c\/lightweight-jas-heren\/\" \/>\n<meta property=\"og:locale\" content=\"fr_FR\" \/>\n<meta property=\"og:type\" content=\"article\" \/>\n<meta property=\"og:title\" content=\"Lightweight jas heren, Lightweight jassen heren, Heren lightweight jas\" \/>\n<meta property=\"og:description\" content=\"Zoekt u kwalitatieve lightweight jas heren? Bij ons zit u goed voor lightweight jassen heren, heren lightweight jas en heren lightweight jassen.\" \/>\n<meta property=\"og:url\" content=\"https:\/\/versano.nl\/fr\/c\/lightweight-jas-heren\/\" \/>\n<meta property=\"og:site_name\" content=\"Versano\" \/>\n<meta name=\"twitter:card\" content=\"summary_large_image\" \/>\n<script type=\"application\/ld+json\" class=\"yoast-schema-graph\">{\"@context\":\"https:\/\/schema.org\",\"@graph\":[{\"@type\":\"CollectionPage\",\"@id\":\"https:\/\/versano.nl\/fr\/c\/lightweight-jas-heren\/\",\"url\":\"https:\/\/versano.nl\/fr\/c\/lightweight-jas-heren\/\",\"name\":\"Lightweight jas heren, Lightweight jassen heren, Heren lightweight jas\",\"isPartOf\":{\"@id\":\"https:\/\/versano.nl\/#website\"},\"description\":\"Zoekt u kwalitatieve lightweight jas heren? Bij ons zit u goed voor lightweight jassen heren, heren lightweight jas en heren lightweight jassen.\",\"breadcrumb\":{\"@id\":\"https:\/\/versano.nl\/fr\/c\/lightweight-jas-heren\/#breadcrumb\"},\"inLanguage\":\"fr-FR\"},{\"@type\":\"BreadcrumbList\",\"@id\":\"https:\/\/versano.nl\/fr\/c\/lightweight-jas-heren\/#breadcrumb\",\"itemListElement\":[{\"@type\":\"ListItem\",\"position\":1,\"name\":\"Home\",\"item\":\"https:\/\/versano.nl\/\"},{\"@type\":\"ListItem\",\"position\":2,\"name\":\"Lightweight jas heren\"}]},{\"@type\":\"WebSite\",\"@id\":\"https:\/\/versano.nl\/#website\",\"url\":\"https:\/\/versano.nl\/\",\"name\":\"Versano\",\"description\":\"winterjassen met bontkraag | leren dames jassen | leren heren jassen\",\"potentialAction\":[{\"@type\":\"SearchAction\",\"target\":{\"@type\":\"EntryPoint\",\"urlTemplate\":\"https:\/\/versano.nl\/?s={search_term_string}\"},\"query-input\":{\"@type\":\"PropertyValueSpecification\",\"valueRequired\":true,\"valueName\":\"search_term_string\"}}],\"inLanguage\":\"fr-FR\"}]}<\/script>\n<!-- \/ Yoast SEO plugin. -->","yoast_head_json":{"title":"Veste l\u00e9g\u00e8re homme, Veste l\u00e9g\u00e8re homme, Veste l\u00e9g\u00e8re homme","description":"Vous recherchez une veste l\u00e9g\u00e8re de qualit\u00e9 pour homme? Avec nous, vous \u00eates au bon endroit pour les vestes l\u00e9g\u00e8res pour hommes, les vestes l\u00e9g\u00e8res pour hommes et les vestes l\u00e9g\u00e8res pour hommes.","robots":{"index":"index","follow":"follow","max-snippet":"max-snippet:-1","max-image-preview":"max-image-preview:large","max-video-preview":"max-video-preview:-1"},"canonical":"https:\/\/versano.nl\/fr\/c\/lightweight-jas-heren\/","og_locale":"fr_FR","og_type":"article","og_title":"Lightweight jas heren, Lightweight jassen heren, Heren lightweight jas","og_description":"Zoekt u kwalitatieve lightweight jas heren? Bij ons zit u goed voor lightweight jassen heren, heren lightweight jas en heren lightweight jassen.","og_url":"https:\/\/versano.nl\/fr\/c\/lightweight-jas-heren\/","og_site_name":"Versano","twitter_card":"summary_large_image","schema":{"@context":"https:\/\/schema.org","@graph":[{"@type":"CollectionPage","@id":"https:\/\/versano.nl\/fr\/c\/lightweight-jas-heren\/","url":"https:\/\/versano.nl\/fr\/c\/lightweight-jas-heren\/","name":"Veste l\u00e9g\u00e8re homme, Veste l\u00e9g\u00e8re homme, Veste l\u00e9g\u00e8re homme","isPartOf":{"@id":"https:\/\/versano.nl\/#website"},"description":"Vous recherchez une veste l\u00e9g\u00e8re de qualit\u00e9 pour homme? Avec nous, vous \u00eates au bon endroit pour les vestes l\u00e9g\u00e8res pour hommes, les vestes l\u00e9g\u00e8res pour hommes et les vestes l\u00e9g\u00e8res pour hommes.","breadcrumb":{"@id":"https:\/\/versano.nl\/fr\/c\/lightweight-jas-heren\/#breadcrumb"},"inLanguage":"fr-FR"},{"@type":"BreadcrumbList","@id":"https:\/\/versano.nl\/fr\/c\/lightweight-jas-heren\/#breadcrumb","itemListElement":[{"@type":"ListItem","position":1,"name":"Home","item":"https:\/\/versano.nl\/"},{"@type":"ListItem","position":2,"name":"Lightweight jas heren"}]},{"@type":"WebSite","@id":"https:\/\/versano.nl\/#website","url":"https:\/\/versano.nl\/","name":"Versano","description":"manteaux d&#039;hiver avec col en fourrure | vestes femme en cuir | vestes en cuir pour hommes","potentialAction":[{"@type":"SearchAction","target":{"@type":"EntryPoint","urlTemplate":"https:\/\/versano.nl\/?s={search_term_string}"},"query-input":{"@type":"PropertyValueSpecification","valueRequired":true,"valueName":"search_term_string"}}],"inLanguage":"fr-FR"}]}},"_links":{"self":[{"href":"https:\/\/versano.nl\/fr\/wp-json\/wp\/v2\/product_cat\/1338","targetHints":{"allow":["GET"]}}],"collection":[{"href":"https:\/\/versano.nl\/fr\/wp-json\/wp\/v2\/product_cat"}],"about":[{"href":"https:\/\/versano.nl\/fr\/wp-json\/wp\/v2\/taxonomies\/product_cat"}],"wp:post_type":[{"href":"https:\/\/versano.nl\/fr\/wp-json\/wp\/v2\/product?product_cat=1338"}],"curies":[{"name":"wp","href":"https:\/\/api.w.org\/{rel}","templated":true}]}}