{"id":1336,"count":3,"description":"<h3>Les vestes matelass\u00e9es vous gardent au chaud toute l&#039;ann\u00e9e<\/h3>\r\nIl n&#039;est pas du tout surprenant que les vestes matelass\u00e9es pour hommes soient l&#039;un des mod\u00e8les les plus recherch\u00e9s depuis des ann\u00e9es. Dans de nombreux cas, ces vestes ont un rembourrage en duvet doux pour vous garder au chaud et \u00e0 l&#039;aise toute l&#039;ann\u00e9e lorsque vous \u00eates \u00e0 l&#039;ext\u00e9rieur. Que vous ayez un style d\u00e9contract\u00e9, que vous soyez bien habill\u00e9 pour le travail ou que vous recherchiez une veste qui sert de couche chaude pour aller et revenir de la salle de sport, les vestes matelass\u00e9es pour hommes sont dans tous les cas le choix id\u00e9al.\r\n<h3>Une veste rembourr\u00e9e pour homme est tr\u00e8s appr\u00e9ci\u00e9e des amateurs de plein air<\/h3>\r\nPromenez-vous r\u00e9guli\u00e8rement dans votre r\u00e9gion ou partez-vous en vacances aux sports d&#039;hiver chaque ann\u00e9e, alors vous avez certainement remarqu\u00e9 que presque tout le monde porte une veste matelass\u00e9e homme. Les vestes sont faciles \u00e0 enfiler et \u00e0 enlever gr\u00e2ce au tissu extensible et peuvent \u00eatre port\u00e9es \u00e0 la fois comme couche interm\u00e9diaire et comme veste \u00e0 part enti\u00e8re. D&#039;une couleur noire neutre \u00e0 une couleur plus prononc\u00e9e et plus lumineuse, il appartient r\u00e9guli\u00e8rement \u00e0 la gamme polyvalente de Versano.\r\n<h3>Ajoutez un \u00e9l\u00e9ment intemporel \u00e0 votre garde-robe et optez pour une veste matelass\u00e9e homme<\/h3>\r\nUne veste matelass\u00e9e pour homme est un article intemporel qui convient \u00e0 tous les styles et \u00e0 tous les \u00e2ges. Dans la boutique en ligne Versaon, vous pouvez r\u00e9guli\u00e8rement choisir parmi diff\u00e9rents mod\u00e8les, y compris des vestes courtes et des manteaux longs qui tombent juste au-dessus du genou. Vous avez des questions sur l&#039;une des vestes matelass\u00e9es pour hommes ou pouvez-vous utiliser de l&#039;aide pour choisir la bonne taille? Le service client serviable de Versano se fera un plaisir de r\u00e9fl\u00e9chir avec vous et de vous fournir des conseils appropri\u00e9s. Envoyez un e-mail ou appelez l&#039;un des employ\u00e9s.","link":"https:\/\/versano.nl\/fr\/c\/gewatteerde-jassen-heren\/","name":"Vestes matelass\u00e9es pour hommes","slug":"gewatteerde-jassen-heren","taxonomy":"product_cat","parent":0,"meta":[],"menu_order":0,"yoast_head":"<!-- This site is optimized with the Yoast SEO plugin v27.2 - https:\/\/yoast.com\/product\/yoast-seo-wordpress\/ -->\n<title>Gewatteerde jassen heren, gewatteerde jas heren, Heren gewatteerde jas<\/title>\n<meta name=\"description\" content=\"Zoekt u kwalitatieve winterjassen gewatteerde jassen heren? Bij ons zit u goed voor een gewatteerde jas voor heren, gewatteerde jassen.\" \/>\n<meta name=\"robots\" content=\"index, follow, max-snippet:-1, max-image-preview:large, max-video-preview:-1\" \/>\n<link rel=\"canonical\" href=\"https:\/\/versano.nl\/fr\/c\/gewatteerde-jassen-heren\/\" \/>\n<meta property=\"og:locale\" content=\"fr_FR\" \/>\n<meta property=\"og:type\" content=\"article\" \/>\n<meta property=\"og:title\" content=\"Gewatteerde jassen heren, gewatteerde jas heren, Heren gewatteerde jas\" \/>\n<meta property=\"og:description\" content=\"Zoekt u kwalitatieve winterjassen gewatteerde jassen heren? Bij ons zit u goed voor een gewatteerde jas voor heren, gewatteerde jassen.\" \/>\n<meta property=\"og:url\" content=\"https:\/\/versano.nl\/fr\/c\/gewatteerde-jassen-heren\/\" \/>\n<meta property=\"og:site_name\" content=\"Versano\" \/>\n<meta name=\"twitter:card\" content=\"summary_large_image\" \/>\n<script type=\"application\/ld+json\" class=\"yoast-schema-graph\">{\"@context\":\"https:\/\/schema.org\",\"@graph\":[{\"@type\":\"CollectionPage\",\"@id\":\"https:\/\/versano.nl\/c\/gewatteerde-jassen-heren\/\",\"url\":\"https:\/\/versano.nl\/c\/gewatteerde-jassen-heren\/\",\"name\":\"Gewatteerde jassen heren, gewatteerde jas heren, Heren gewatteerde jas\",\"isPartOf\":{\"@id\":\"https:\/\/versano.nl\/#website\"},\"description\":\"Zoekt u kwalitatieve winterjassen gewatteerde jassen heren? Bij ons zit u goed voor een gewatteerde jas voor heren, gewatteerde jassen.\",\"breadcrumb\":{\"@id\":\"https:\/\/versano.nl\/c\/gewatteerde-jassen-heren\/#breadcrumb\"},\"inLanguage\":\"fr-FR\"},{\"@type\":\"BreadcrumbList\",\"@id\":\"https:\/\/versano.nl\/c\/gewatteerde-jassen-heren\/#breadcrumb\",\"itemListElement\":[{\"@type\":\"ListItem\",\"position\":1,\"name\":\"Home\",\"item\":\"https:\/\/versano.nl\/\"},{\"@type\":\"ListItem\",\"position\":2,\"name\":\"Gewatteerde jassen heren\"}]},{\"@type\":\"WebSite\",\"@id\":\"https:\/\/versano.nl\/#website\",\"url\":\"https:\/\/versano.nl\/\",\"name\":\"Versano\",\"description\":\"winterjassen met bontkraag | leren dames jassen | leren heren jassen\",\"potentialAction\":[{\"@type\":\"SearchAction\",\"target\":{\"@type\":\"EntryPoint\",\"urlTemplate\":\"https:\/\/versano.nl\/?s={search_term_string}\"},\"query-input\":{\"@type\":\"PropertyValueSpecification\",\"valueRequired\":true,\"valueName\":\"search_term_string\"}}],\"inLanguage\":\"fr-FR\"}]}<\/script>\n<!-- \/ Yoast SEO plugin. -->","yoast_head_json":{"title":"Vestes matelass\u00e9es pour hommes, Veste matelass\u00e9e pour hommes, Veste matelass\u00e9e pour hommes","description":"Vous cherchez des vestes d&#039;hiver et des vestes matelass\u00e9es de qualit\u00e9 pour hommes ? Avec nous, vous \u00eates au bon endroit pour une veste matelass\u00e9e pour homme, des vestes matelass\u00e9es.","robots":{"index":"index","follow":"follow","max-snippet":"max-snippet:-1","max-image-preview":"max-image-preview:large","max-video-preview":"max-video-preview:-1"},"canonical":"https:\/\/versano.nl\/fr\/c\/gewatteerde-jassen-heren\/","og_locale":"fr_FR","og_type":"article","og_title":"Gewatteerde jassen heren, gewatteerde jas heren, Heren gewatteerde jas","og_description":"Zoekt u kwalitatieve winterjassen gewatteerde jassen heren? Bij ons zit u goed voor een gewatteerde jas voor heren, gewatteerde jassen.","og_url":"https:\/\/versano.nl\/fr\/c\/gewatteerde-jassen-heren\/","og_site_name":"Versano","twitter_card":"summary_large_image","schema":{"@context":"https:\/\/schema.org","@graph":[{"@type":"CollectionPage","@id":"https:\/\/versano.nl\/c\/gewatteerde-jassen-heren\/","url":"https:\/\/versano.nl\/c\/gewatteerde-jassen-heren\/","name":"Vestes matelass\u00e9es pour hommes, Veste matelass\u00e9e pour hommes, Veste matelass\u00e9e pour hommes","isPartOf":{"@id":"https:\/\/versano.nl\/#website"},"description":"Vous cherchez des vestes d&#039;hiver et des vestes matelass\u00e9es de qualit\u00e9 pour hommes ? Avec nous, vous \u00eates au bon endroit pour une veste matelass\u00e9e pour homme, des vestes matelass\u00e9es.","breadcrumb":{"@id":"https:\/\/versano.nl\/c\/gewatteerde-jassen-heren\/#breadcrumb"},"inLanguage":"fr-FR"},{"@type":"BreadcrumbList","@id":"https:\/\/versano.nl\/c\/gewatteerde-jassen-heren\/#breadcrumb","itemListElement":[{"@type":"ListItem","position":1,"name":"Home","item":"https:\/\/versano.nl\/"},{"@type":"ListItem","position":2,"name":"Gewatteerde jassen heren"}]},{"@type":"WebSite","@id":"https:\/\/versano.nl\/#website","url":"https:\/\/versano.nl\/","name":"Versano","description":"manteaux d&#039;hiver avec col en fourrure | vestes femme en cuir | vestes en cuir pour hommes","potentialAction":[{"@type":"SearchAction","target":{"@type":"EntryPoint","urlTemplate":"https:\/\/versano.nl\/?s={search_term_string}"},"query-input":{"@type":"PropertyValueSpecification","valueRequired":true,"valueName":"search_term_string"}}],"inLanguage":"fr-FR"}]}},"_links":{"self":[{"href":"https:\/\/versano.nl\/fr\/wp-json\/wp\/v2\/product_cat\/1336","targetHints":{"allow":["GET"]}}],"collection":[{"href":"https:\/\/versano.nl\/fr\/wp-json\/wp\/v2\/product_cat"}],"about":[{"href":"https:\/\/versano.nl\/fr\/wp-json\/wp\/v2\/taxonomies\/product_cat"}],"wp:post_type":[{"href":"https:\/\/versano.nl\/fr\/wp-json\/wp\/v2\/product?product_cat=1336"}],"curies":[{"name":"wp","href":"https:\/\/api.w.org\/{rel}","templated":true}]}}