{"id":2005,"count":3,"description":"<h3>Eine Steppjacke f\u00fcr Herren h\u00e4lt das ganze Jahr \u00fcber warm<\/h3>\r\nKein Wunder, dass eine Steppjacke f\u00fcr Herren seit Jahren zu den begehrtesten Modellen z\u00e4hlt. In vielen F\u00e4llen sind diese Jacken mit einer weichen Daunenf\u00fcllung ausgestattet, die Sie das ganze Jahr \u00fcber warm und bequem h\u00e4lt, wenn Sie drau\u00dfen unterwegs sind. Ob l\u00e4ssig, schick f\u00fcr die Arbeit gekleidet oder eine Jacke, die als warme Schicht zum und vom Fitnessstudio dient, wattierte Herrenjacken sind in jedem Fall die ideale Wahl.\r\n<h3>Eine Steppjacke ist bei Outdoor-Enthusiasten sehr beliebt<\/h3>\r\nMachen Sie regelm\u00e4\u00dfig einen Spaziergang in Ihrer N\u00e4he oder machen Sie jedes Jahr einen Wintersporturlaub, dann haben Sie sicherlich bemerkt, dass fast jeder eine gepolsterte Jacke tr\u00e4gt. Die Jacken lassen sich aufgrund des dehnbaren Stoffes leicht an- und ausziehen und k\u00f6nnen sowohl als Midlayer als auch als vollwertige Jacke getragen werden. Von einer neutralen schwarzen Farbe bis zu einer ausgepr\u00e4gteren und helleren Farbe geh\u00f6rt es regelm\u00e4\u00dfig zu Versanos vielseitigem Sortiment.\r\n<h3>F\u00fcgen Sie Ihrer Garderobe ein zeitloses Element hinzu und entscheiden Sie sich f\u00fcr eine Steppjacke f\u00fcr Herren<\/h3>\r\nEine Steppjacke f\u00fcr Herren ist ein zeitloser Artikel und f\u00fcr jeden Stil und jedes Alter geeignet. Im Versaon-Webshop k\u00f6nnen Sie regelm\u00e4\u00dfig aus verschiedenen Designs w\u00e4hlen, darunter kurze Jacken und lange M\u00e4ntel, die bis knapp \u00fcber das Knie reichen. Haben Sie Fragen zu einer der Herren Steppjacken oder k\u00f6nnen Sie Hilfe bei der Gr\u00f6\u00dfenwahl brauchen? Der hilfsbereite Kundenservice von Versano denkt gerne mit und ber\u00e4t Sie entsprechend. Senden Sie eine E-Mail oder rufen Sie einen der Mitarbeiter an.","link":"https:\/\/versano.nl\/de\/c\/gewatteerde-jas-heren\/","name":"Steppjacke Herren","slug":"gewatteerde-jas-heren","taxonomy":"product_cat","parent":0,"meta":[],"menu_order":0,"yoast_head":"<!-- This site is optimized with the Yoast SEO plugin v27.2 - https:\/\/yoast.com\/product\/yoast-seo-wordpress\/ -->\n<title>gewatteerde jas heren, donsjassen voor heren bij Versano<\/title>\n<meta name=\"description\" content=\"Bent u op zoek naar een gewatteerde jas voor heren? Dan bent u aan het juiste adres bij het bekende jassen merk Versano voor heren donsjassen.\" \/>\n<meta name=\"robots\" content=\"index, follow, max-snippet:-1, max-image-preview:large, max-video-preview:-1\" \/>\n<link rel=\"canonical\" href=\"https:\/\/versano.nl\/de\/c\/gewatteerde-jas-heren\/\" \/>\n<meta property=\"og:locale\" content=\"de_DE\" \/>\n<meta property=\"og:type\" content=\"article\" \/>\n<meta property=\"og:title\" content=\"gewatteerde jas heren, donsjassen voor heren bij Versano\" \/>\n<meta property=\"og:description\" content=\"Bent u op zoek naar een gewatteerde jas voor heren? Dan bent u aan het juiste adres bij het bekende jassen merk Versano voor heren donsjassen.\" \/>\n<meta property=\"og:url\" content=\"https:\/\/versano.nl\/de\/c\/gewatteerde-jas-heren\/\" \/>\n<meta property=\"og:site_name\" content=\"Versano\" \/>\n<meta name=\"twitter:card\" content=\"summary_large_image\" \/>\n<script type=\"application\/ld+json\" class=\"yoast-schema-graph\">{\"@context\":\"https:\/\/schema.org\",\"@graph\":[{\"@type\":\"CollectionPage\",\"@id\":\"https:\/\/versano.nl\/c\/gewatteerde-jas-heren\/\",\"url\":\"https:\/\/versano.nl\/c\/gewatteerde-jas-heren\/\",\"name\":\"gewatteerde jas heren, donsjassen voor heren bij Versano\",\"isPartOf\":{\"@id\":\"https:\/\/versano.nl\/#website\"},\"description\":\"Bent u op zoek naar een gewatteerde jas voor heren? Dan bent u aan het juiste adres bij het bekende jassen merk Versano voor heren donsjassen.\",\"breadcrumb\":{\"@id\":\"https:\/\/versano.nl\/c\/gewatteerde-jas-heren\/#breadcrumb\"},\"inLanguage\":\"de\"},{\"@type\":\"BreadcrumbList\",\"@id\":\"https:\/\/versano.nl\/c\/gewatteerde-jas-heren\/#breadcrumb\",\"itemListElement\":[{\"@type\":\"ListItem\",\"position\":1,\"name\":\"Home\",\"item\":\"https:\/\/versano.nl\/\"},{\"@type\":\"ListItem\",\"position\":2,\"name\":\"gewatteerde jas heren\"}]},{\"@type\":\"WebSite\",\"@id\":\"https:\/\/versano.nl\/#website\",\"url\":\"https:\/\/versano.nl\/\",\"name\":\"Versano\",\"description\":\"winterjassen met bontkraag | leren dames jassen | leren heren jassen\",\"potentialAction\":[{\"@type\":\"SearchAction\",\"target\":{\"@type\":\"EntryPoint\",\"urlTemplate\":\"https:\/\/versano.nl\/?s={search_term_string}\"},\"query-input\":{\"@type\":\"PropertyValueSpecification\",\"valueRequired\":true,\"valueName\":\"search_term_string\"}}],\"inLanguage\":\"de\"}]}<\/script>\n<!-- \/ Yoast SEO plugin. -->","yoast_head_json":{"title":"Steppjacke Herren, Daunenjacken f\u00fcr Herren bei Versano","description":"Suchen Sie eine Steppjacke f\u00fcr Herren? Dann sind Sie bei der bekannten Jackenmarke Versano f\u00fcr Herren Daunenjacken genau richtig.","robots":{"index":"index","follow":"follow","max-snippet":"max-snippet:-1","max-image-preview":"max-image-preview:large","max-video-preview":"max-video-preview:-1"},"canonical":"https:\/\/versano.nl\/de\/c\/gewatteerde-jas-heren\/","og_locale":"de_DE","og_type":"article","og_title":"gewatteerde jas heren, donsjassen voor heren bij Versano","og_description":"Bent u op zoek naar een gewatteerde jas voor heren? Dan bent u aan het juiste adres bij het bekende jassen merk Versano voor heren donsjassen.","og_url":"https:\/\/versano.nl\/de\/c\/gewatteerde-jas-heren\/","og_site_name":"Versano","twitter_card":"summary_large_image","schema":{"@context":"https:\/\/schema.org","@graph":[{"@type":"CollectionPage","@id":"https:\/\/versano.nl\/c\/gewatteerde-jas-heren\/","url":"https:\/\/versano.nl\/c\/gewatteerde-jas-heren\/","name":"Steppjacke Herren, Daunenjacken f\u00fcr Herren bei Versano","isPartOf":{"@id":"https:\/\/versano.nl\/#website"},"description":"Suchen Sie eine Steppjacke f\u00fcr Herren? Dann sind Sie bei der bekannten Jackenmarke Versano f\u00fcr Herren Daunenjacken genau richtig.","breadcrumb":{"@id":"https:\/\/versano.nl\/c\/gewatteerde-jas-heren\/#breadcrumb"},"inLanguage":"de"},{"@type":"BreadcrumbList","@id":"https:\/\/versano.nl\/c\/gewatteerde-jas-heren\/#breadcrumb","itemListElement":[{"@type":"ListItem","position":1,"name":"Home","item":"https:\/\/versano.nl\/"},{"@type":"ListItem","position":2,"name":"gewatteerde jas heren"}]},{"@type":"WebSite","@id":"https:\/\/versano.nl\/#website","url":"https:\/\/versano.nl\/","name":"Versano","description":"Winterm\u00e4ntel mit Pelzkragen | Damen Lederjacken | Herren Lederjacken","potentialAction":[{"@type":"SearchAction","target":{"@type":"EntryPoint","urlTemplate":"https:\/\/versano.nl\/?s={search_term_string}"},"query-input":{"@type":"PropertyValueSpecification","valueRequired":true,"valueName":"search_term_string"}}],"inLanguage":"de"}]}},"_links":{"self":[{"href":"https:\/\/versano.nl\/de\/wp-json\/wp\/v2\/product_cat\/2005","targetHints":{"allow":["GET"]}}],"collection":[{"href":"https:\/\/versano.nl\/de\/wp-json\/wp\/v2\/product_cat"}],"about":[{"href":"https:\/\/versano.nl\/de\/wp-json\/wp\/v2\/taxonomies\/product_cat"}],"wp:post_type":[{"href":"https:\/\/versano.nl\/de\/wp-json\/wp\/v2\/product?product_cat=2005"}],"curies":[{"name":"wp","href":"https:\/\/api.w.org\/{rel}","templated":true}]}}